{"id":906,"date":"2013-09-01T14:50:28","date_gmt":"2013-09-01T19:50:28","guid":{"rendered":"https:\/\/ecpamericas.org\/?p=906"},"modified":"2020-12-15T14:51:27","modified_gmt":"2020-12-15T19:51:27","slug":"proxima-parada-samoa-que-aspiramos-a-lograr","status":"publish","type":"post","link":"https:\/\/ecpamericas.org\/es\/proxima-parada-samoa-que-aspiramos-a-lograr\/","title":{"rendered":"Pr\u00f3xima parada, Samoa: \u00bfQu\u00e9 aspiramos a lograr?"},"content":{"rendered":"<p><span style=\"font-family: arial;\">El pr\u00f3ximo a\u00f1o, en agosto de 2014, la comunidad internacional se congregar\u00e1 en Apia, Samoa para la 3\u00aa Conferencia\u00a0Internacional\u00a0sobre Peque\u00f1os Estados Insulares en Desarrollo\u00a0(SIDS). Este evento es organizado como una continuaci\u00f3n del Plan de Acci\u00f3n de Barbados de 1994 (BPOA) y la Estrategia de Mauricio para la Ejecuci\u00f3n del 2005 (MSI); de este modo, se celebrar\u00e1n los 20 a\u00f1os de aniversario del di\u00e1logo internacional para facilitar el desarrollo sostenible en las naciones insulares. La pregunta que quisiera que todos nosotros pensemos, como miembros de la comunidad internacional, es: \u00bfQu\u00e9 aspiramos lograr en este tiempo?<\/span><\/p>\n<p><span style=\"font-family: arial;\">Pienso que todos estar\u00e1n de acuerdo que lidiar con (1) la limitada capacidad de sustento de las islas, determinada por los l\u00edmites demogr\u00e1ficos, f\u00edsicos y\/o ambientales de islas y (2) la interdependencia de los medios de subsistencia\u00a0 y los eventos o impactos generados por el cambio clim\u00e1tico, es la principal preocupaci\u00f3n para los intereses nacionales e internacionales.<\/span><\/p>\n<p>&nbsp;<\/p>\n<p>&nbsp;<\/p>\n<p>&nbsp;<\/p>\n<div><img decoding=\"async\" src=\"https:\/\/ecpamericas.org\/data\/images\/blog_images\/Kevin%20blog%20pic%201.jpg\" alt=\"\" \/><\/div>\n<p><span style=\"font-family: arial;\">En otras palabras, la<strong><em>\u00a0capacidad de sustento<\/em><\/strong>\u00a0y el\u00a0<strong><em>cambio clim\u00e1tico<\/em><\/strong>\u00a0\u00a0son los dos principales factores que afectan el acceso a la comida y los productos de energ\u00eda confiables, asequibles y de agua limpia para sostener a las actuales y futuras comunidades insulares.<\/span><\/p>\n<p><span style=\"font-family: arial;\">Actualmente, aunque suene directo e incluso repetitivo a veces, desde mi punto de vista, las comunidades insulares tendr\u00e1n que pasar por una transici\u00f3n completa hacia un paradigma de desarrollo sostenible para sobrevivir. Esto no solo significa que tendremos que incrementar el uso racional de nuestros recursos naturales y nuestras tierras, ahorrar el agua, mejorar la ecoeficiencia y la efectividad de la econom\u00eda e implementar progresivamente tecnolog\u00edas de energ\u00eda renovable centralizadas y descentralizadas, sino que tendremos que repensar m\u00e1s sobre nuestras sociedades insulares.<\/span><\/p>\n<p><span style=\"font-family: arial;\">Pero sobre todo, el punto de inicio debe ser la necesidad de urgencia de implementar las hermosas ideas, pol\u00edticas, compromisos y conceptos que hemos desarrollado en las \u00faltimas dos d\u00e9cadas con el objetivo de lograr la supervivencia de las comunidades insulares.<\/span><\/p>\n<p><span style=\"font-family: arial;\">Ninguno de nosotros tiene todas las respuestas pero me gustar\u00eda compartir algunas ideas que pueden contribuir con este proceso. Ante todo, si queremos lograr un desarrollo sostenible de las islas, necesitaremos introducir o crear metas de desarrollo sostenible objetivas cient\u00edficamente, inclusivas, interdisciplinarias y hol\u00edsticas para luego implementarlas efectivamente.<\/span><\/p>\n<p><span style=\"font-family: arial;\">\u00a0<img decoding=\"async\" src=\"https:\/\/ecpamericas.org\/data\/images\/blog_images\/Kevin%20blog%20pic%203.jpg\" alt=\"\" \/><\/span><\/p>\n<p><span style=\"font-family: arial;\">Una manera de lograr esto es observar a las islas desde una perspectiva sistem\u00e1tica, donde uno identifique, establezca y cuantifique el agua, la energ\u00eda y los balances de materiales de la isla. Esta sencilla acci\u00f3n le permitir\u00e1 a uno tener un primer entendimiento a nivel macro de lo que entra a la isla, c\u00f3mo es usado o consumido, qu\u00e9 es lo que permanece en la isla y qu\u00e9 es lo que al final sale o es exportado de la isla.<\/span><\/p>\n<p><span style=\"font-family: arial;\">Solo se pueden crear pol\u00edticas adecuadas si uno conoce el punto de inicio y si este est\u00e1 cuantificado. De esto modo, al buscar crear y aplicar indicadores de desarrollo sostenible que le permitan a uno medir, verificar y replicar esfuerzos, una comunidad puede fijarse metas y objetivos. \u00a0A nivel global, algunos est\u00e1n asumiendo el liderazgo en introducir nuevos indicadores de sostenibilidad. Solo espero que estos indicadores respondan adecuadamente a la necesidad de equilibrar las prioridades o exigencias econ\u00f3micas, sociales y ambientales.<\/span><\/p>\n<p><span style=\"font-family: arial;\">Otro tema clave que quisiera priorizar con respecto a lograr un desarrollo sostenible para las islas es c\u00f3mo la importaci\u00f3n, el consumo y la disposici\u00f3n de los productos conllevan a serios problemas de desechos en muchos estados insulares. Esto tiene muchas implicaciones, incluyendo la contaminaci\u00f3n del suelo, problemas de salud p\u00fablico generados por el aire y el agua y la necesidad de sistemas econ\u00f3micos de gesti\u00f3n de desechos, los cuales no existen en muchas islas. Esta problem\u00e1tica necesita de un gran cambio en el r\u00e9gimen de importaci\u00f3n, la compra de productos y en los patrones de consumo.<\/span><\/p>\n<p><span style=\"font-family: arial;\">Una posible soluci\u00f3n para considerar es incentivar la importaci\u00f3n de productos \u201cdise\u00f1ados sosteniblemente\u201d para eliminar el problema de los desechos. Imaginen importar productos que no contengan componentes cancer\u00edgenos o ecot\u00f3xicos; imaginen productos que uno pueda tirarlos en el parque sin tener que sentirse culpable ya que se tratan de productos ecol\u00f3gicamente neutrales; imaginen un producto que pueda ser f\u00e1cilmente descompuesto y en donde pueda reconcentrar sus componentes primarios en flujos de materiales puros que le permita a uno crear un nuevo producto de similar o incluso mejor calidad; imaginen una nueva forma de ver los productos, como una fuente para los buenos negocios donde el concepto de \u201cdesecho\u201d se cambie por un \u201crecurso\u201d.<span>\u200b<\/span><\/span><\/p>\n<p><span style=\"font-family: arial;\">Estos son los tipos de productos que las comunidades insulares quisieran importar, fabricar o consumir para prevenir problemas de desechos, prosperar nuevos tipos de negocios, generar empleo y ayudar a diversificar la econom\u00eda. Esto no solo afectar\u00e1 los flujos de materiales en la isla, sino que tambi\u00e9n mejorar\u00e1 la confiabilidad para el incremento de los productos costosos de los cuales muchos se derivan de combustibles f\u00f3siles. Cabe se\u00f1alar que el petr\u00f3leo crudo no solo se usa para crear derivados como el combustible petr\u00f3leo, diesel, carburoreactores, gases y otros para la generaci\u00f3n de energ\u00eda y combustible de transporte, sino que tambi\u00e9n funciona como la principal fuente de los ingredientes b\u00e1sicos para la mayor\u00eda de productos (p.ej. electr\u00f3nicos) que contienen pl\u00e1stico y otros qu\u00edmicos s\u00f3lidos y l\u00edquidos.<\/span><\/p>\n<p><span style=\"font-family: arial;\">Finalmente, pero no por ellos menos importante, garantizar la inclusi\u00f3n y apreciar la naturaleza multidisciplinaria de nuestros retos globales contempor\u00e1neos es fundamental para lograr un desarrollo sostenible. Todos los ciudadanos son actores activos y tienen el derecho de participar en los procesos de toma de decisiones. Esta ha sido la principal cr\u00edtica de las personas con las que me reun\u00ed en R\u00edo el a\u00f1o pasado con respecto al proceso de negociaci\u00f3n y declaraci\u00f3n final de RIO+20.<\/span><\/p>\n<p><span style=\"font-family: arial;\">Existe la necesidad de cambiar dr\u00e1sticamente la mentalidad de los economistas y los responsables de las pol\u00edticas o profesionales del derecho, sobre todo de los que est\u00e1n en puestos claves para la toma de decisiones; y tambi\u00e9n nosotros, como una comunidad global, debemos darnos cuenta de que los tiempos cambian, los problemas y los desaf\u00edos cambian y que estos se vuelven m\u00e1s complejos e interdisciplinarios. As\u00ed, se garantiza una mayor consciencia de que, no porque alguien sea un responsable de pol\u00edticas o tome decisiones, esta persona sea la \u00fanica que tiene el derecho de tener la palabra final sobre la direcci\u00f3n y el contenido de la pol\u00edtica en juego, sino que debido a la complejidad de nuestros problemas globales, como por ejemplo el cambio clim\u00e1tico, un grupo m\u00e1s diverso de actores deber\u00eda estar al mando de las mesas de negociaci\u00f3n para garantizar que las pol\u00edticas tengan objetivos e indicadores medibles, verificables y replicables, los mismos que deber\u00edan funcionar como la fuerza gu\u00eda del lenguaje de las pol\u00edticas, los compromisos y la implementaci\u00f3n.<\/span><\/p>\n<p><img decoding=\"async\" src=\"https:\/\/ecpamericas.org\/data\/images\/blog_images\/Kevin%20esp%20bio.png\" alt=\"\" \/><\/p>\n","protected":false},"excerpt":{"rendered":"<p>El pr\u00f3ximo a\u00f1o, en agosto de 2014, la comunidad internacional se congregar\u00e1 en Apia, Samoa para la 3\u00aa Conferencia\u00a0Internacional\u00a0sobre Peque\u00f1os Estados Insulares en Desarrollo\u00a0(SIDS). Este evento es organizado como una continuaci\u00f3n del Plan de Acci\u00f3n de Barbados de 1994 (BPOA) y la Estrategia de Mauricio para la Ejecuci\u00f3n del 2005 (MSI); de este modo, se [&hellip;]<\/p>\n","protected":false},"author":1,"featured_media":0,"comment_status":"open","ping_status":"open","sticky":false,"template":"","format":"standard","meta":{"_acf_changed":false,"inline_featured_image":false,"footnotes":""},"categories":[57],"tags":[],"class_list":["post-906","post","type-post","status-publish","format-standard","hentry","category-ecpa-blog-es"],"acf":[],"yoast_head":"<!-- This site is optimized with the Yoast SEO plugin v21.7 - https:\/\/yoast.com\/wordpress\/plugins\/seo\/ -->\n<title>Pr\u00f3xima parada, Samoa: \u00bfQu\u00e9 aspiramos a lograr? - ECPA - Energy and Climate Partnership of the Americas<\/title>\n<meta name=\"robots\" content=\"index, follow, max-snippet:-1, max-image-preview:large, max-video-preview:-1\" \/>\n<link rel=\"canonical\" href=\"https:\/\/ecpamericas.org\/es\/proxima-parada-samoa-que-aspiramos-a-lograr\/\" \/>\n<meta property=\"og:locale\" content=\"es_ES\" \/>\n<meta property=\"og:type\" content=\"article\" \/>\n<meta property=\"og:title\" content=\"Pr\u00f3xima parada, Samoa: \u00bfQu\u00e9 aspiramos a lograr? - ECPA - Energy and Climate Partnership of the Americas\" \/>\n<meta property=\"og:description\" content=\"El pr\u00f3ximo a\u00f1o, en agosto de 2014, la comunidad internacional se congregar\u00e1 en Apia, Samoa para la 3\u00aa Conferencia\u00a0Internacional\u00a0sobre Peque\u00f1os Estados Insulares en Desarrollo\u00a0(SIDS). Este evento es organizado como una continuaci\u00f3n del Plan de Acci\u00f3n de Barbados de 1994 (BPOA) y la Estrategia de Mauricio para la Ejecuci\u00f3n del 2005 (MSI); de este modo, se [&hellip;]\" \/>\n<meta property=\"og:url\" content=\"https:\/\/ecpamericas.org\/es\/proxima-parada-samoa-que-aspiramos-a-lograr\/\" \/>\n<meta property=\"og:site_name\" content=\"ECPA - Energy and Climate Partnership of the Americas\" \/>\n<meta property=\"article:published_time\" content=\"2013-09-01T19:50:28+00:00\" \/>\n<meta property=\"article:modified_time\" content=\"2020-12-15T19:51:27+00:00\" \/>\n<meta property=\"og:image\" content=\"https:\/\/ecpamericas.org\/data\/images\/blog_images\/Kevin%20blog%20pic%201.jpg\" \/>\n<meta name=\"author\" content=\"orange612\" \/>\n<meta name=\"twitter:card\" content=\"summary_large_image\" \/>\n<meta name=\"twitter:label1\" content=\"Escrito por\" \/>\n\t<meta name=\"twitter:data1\" content=\"orange612\" \/>\n\t<meta name=\"twitter:label2\" content=\"Tiempo de lectura\" \/>\n\t<meta name=\"twitter:data2\" content=\"6 minutos\" \/>\n<script type=\"application\/ld+json\" class=\"yoast-schema-graph\">{\"@context\":\"https:\/\/schema.org\",\"@graph\":[{\"@type\":\"WebPage\",\"@id\":\"https:\/\/ecpamericas.org\/es\/proxima-parada-samoa-que-aspiramos-a-lograr\/\",\"url\":\"https:\/\/ecpamericas.org\/es\/proxima-parada-samoa-que-aspiramos-a-lograr\/\",\"name\":\"Pr\u00f3xima parada, Samoa: \u00bfQu\u00e9 aspiramos a lograr? - ECPA - Energy and Climate Partnership of the Americas\",\"isPartOf\":{\"@id\":\"https:\/\/ecpamericas.org\/es\/#website\"},\"datePublished\":\"2013-09-01T19:50:28+00:00\",\"dateModified\":\"2020-12-15T19:51:27+00:00\",\"author\":{\"@id\":\"https:\/\/ecpamericas.org\/es\/#\/schema\/person\/5a23e9b77983d7edd228a58434c01105\"},\"breadcrumb\":{\"@id\":\"https:\/\/ecpamericas.org\/es\/proxima-parada-samoa-que-aspiramos-a-lograr\/#breadcrumb\"},\"inLanguage\":\"es\",\"potentialAction\":[{\"@type\":\"ReadAction\",\"target\":[\"https:\/\/ecpamericas.org\/es\/proxima-parada-samoa-que-aspiramos-a-lograr\/\"]}]},{\"@type\":\"BreadcrumbList\",\"@id\":\"https:\/\/ecpamericas.org\/es\/proxima-parada-samoa-que-aspiramos-a-lograr\/#breadcrumb\",\"itemListElement\":[{\"@type\":\"ListItem\",\"position\":1,\"name\":\"Home\",\"item\":\"https:\/\/ecpamericas.org\/es\/\"},{\"@type\":\"ListItem\",\"position\":2,\"name\":\"Pr\u00f3xima parada, Samoa: \u00bfQu\u00e9 aspiramos a lograr?\"}]},{\"@type\":\"WebSite\",\"@id\":\"https:\/\/ecpamericas.org\/es\/#website\",\"url\":\"https:\/\/ecpamericas.org\/es\/\",\"name\":\"ECPA - Energy and Climate Partnership of the Americas\",\"description\":\"Promoting cooperation for a sustainable energy future in the Americas\",\"potentialAction\":[{\"@type\":\"SearchAction\",\"target\":{\"@type\":\"EntryPoint\",\"urlTemplate\":\"https:\/\/ecpamericas.org\/es\/?s={search_term_string}\"},\"query-input\":\"required name=search_term_string\"}],\"inLanguage\":\"es\"},{\"@type\":\"Person\",\"@id\":\"https:\/\/ecpamericas.org\/es\/#\/schema\/person\/5a23e9b77983d7edd228a58434c01105\",\"name\":\"orange612\",\"image\":{\"@type\":\"ImageObject\",\"inLanguage\":\"es\",\"@id\":\"https:\/\/ecpamericas.org\/es\/#\/schema\/person\/image\/\",\"url\":\"https:\/\/secure.gravatar.com\/avatar\/fe6a06fda2c4e8c862390a2b05b638344895e3e87227a13df605ade5c031f7e5?s=96&d=mm&r=g\",\"contentUrl\":\"https:\/\/secure.gravatar.com\/avatar\/fe6a06fda2c4e8c862390a2b05b638344895e3e87227a13df605ade5c031f7e5?s=96&d=mm&r=g\",\"caption\":\"orange612\"},\"sameAs\":[\"https:\/\/ecpamericas.org\"],\"url\":\"https:\/\/ecpamericas.org\/es\/author\/orange612\/\"}]}<\/script>\n<!-- \/ Yoast SEO plugin. -->","yoast_head_json":{"title":"Pr\u00f3xima parada, Samoa: \u00bfQu\u00e9 aspiramos a lograr? - ECPA - Energy and Climate Partnership of the Americas","robots":{"index":"index","follow":"follow","max-snippet":"max-snippet:-1","max-image-preview":"max-image-preview:large","max-video-preview":"max-video-preview:-1"},"canonical":"https:\/\/ecpamericas.org\/es\/proxima-parada-samoa-que-aspiramos-a-lograr\/","og_locale":"es_ES","og_type":"article","og_title":"Pr\u00f3xima parada, Samoa: \u00bfQu\u00e9 aspiramos a lograr? - ECPA - Energy and Climate Partnership of the Americas","og_description":"El pr\u00f3ximo a\u00f1o, en agosto de 2014, la comunidad internacional se congregar\u00e1 en Apia, Samoa para la 3\u00aa Conferencia\u00a0Internacional\u00a0sobre Peque\u00f1os Estados Insulares en Desarrollo\u00a0(SIDS). Este evento es organizado como una continuaci\u00f3n del Plan de Acci\u00f3n de Barbados de 1994 (BPOA) y la Estrategia de Mauricio para la Ejecuci\u00f3n del 2005 (MSI); de este modo, se [&hellip;]","og_url":"https:\/\/ecpamericas.org\/es\/proxima-parada-samoa-que-aspiramos-a-lograr\/","og_site_name":"ECPA - Energy and Climate Partnership of the Americas","article_published_time":"2013-09-01T19:50:28+00:00","article_modified_time":"2020-12-15T19:51:27+00:00","og_image":[{"url":"https:\/\/ecpamericas.org\/data\/images\/blog_images\/Kevin%20blog%20pic%201.jpg"}],"author":"orange612","twitter_card":"summary_large_image","twitter_misc":{"Escrito por":"orange612","Tiempo de lectura":"6 minutos"},"schema":{"@context":"https:\/\/schema.org","@graph":[{"@type":"WebPage","@id":"https:\/\/ecpamericas.org\/es\/proxima-parada-samoa-que-aspiramos-a-lograr\/","url":"https:\/\/ecpamericas.org\/es\/proxima-parada-samoa-que-aspiramos-a-lograr\/","name":"Pr\u00f3xima parada, Samoa: \u00bfQu\u00e9 aspiramos a lograr? - ECPA - Energy and Climate Partnership of the Americas","isPartOf":{"@id":"https:\/\/ecpamericas.org\/es\/#website"},"datePublished":"2013-09-01T19:50:28+00:00","dateModified":"2020-12-15T19:51:27+00:00","author":{"@id":"https:\/\/ecpamericas.org\/es\/#\/schema\/person\/5a23e9b77983d7edd228a58434c01105"},"breadcrumb":{"@id":"https:\/\/ecpamericas.org\/es\/proxima-parada-samoa-que-aspiramos-a-lograr\/#breadcrumb"},"inLanguage":"es","potentialAction":[{"@type":"ReadAction","target":["https:\/\/ecpamericas.org\/es\/proxima-parada-samoa-que-aspiramos-a-lograr\/"]}]},{"@type":"BreadcrumbList","@id":"https:\/\/ecpamericas.org\/es\/proxima-parada-samoa-que-aspiramos-a-lograr\/#breadcrumb","itemListElement":[{"@type":"ListItem","position":1,"name":"Home","item":"https:\/\/ecpamericas.org\/es\/"},{"@type":"ListItem","position":2,"name":"Pr\u00f3xima parada, Samoa: \u00bfQu\u00e9 aspiramos a lograr?"}]},{"@type":"WebSite","@id":"https:\/\/ecpamericas.org\/es\/#website","url":"https:\/\/ecpamericas.org\/es\/","name":"ECPA - Energy and Climate Partnership of the Americas","description":"Promoting cooperation for a sustainable energy future in the Americas","potentialAction":[{"@type":"SearchAction","target":{"@type":"EntryPoint","urlTemplate":"https:\/\/ecpamericas.org\/es\/?s={search_term_string}"},"query-input":"required name=search_term_string"}],"inLanguage":"es"},{"@type":"Person","@id":"https:\/\/ecpamericas.org\/es\/#\/schema\/person\/5a23e9b77983d7edd228a58434c01105","name":"orange612","image":{"@type":"ImageObject","inLanguage":"es","@id":"https:\/\/ecpamericas.org\/es\/#\/schema\/person\/image\/","url":"https:\/\/secure.gravatar.com\/avatar\/fe6a06fda2c4e8c862390a2b05b638344895e3e87227a13df605ade5c031f7e5?s=96&d=mm&r=g","contentUrl":"https:\/\/secure.gravatar.com\/avatar\/fe6a06fda2c4e8c862390a2b05b638344895e3e87227a13df605ade5c031f7e5?s=96&d=mm&r=g","caption":"orange612"},"sameAs":["https:\/\/ecpamericas.org"],"url":"https:\/\/ecpamericas.org\/es\/author\/orange612\/"}]}},"_links":{"self":[{"href":"https:\/\/ecpamericas.org\/es\/wp-json\/wp\/v2\/posts\/906","targetHints":{"allow":["GET"]}}],"collection":[{"href":"https:\/\/ecpamericas.org\/es\/wp-json\/wp\/v2\/posts"}],"about":[{"href":"https:\/\/ecpamericas.org\/es\/wp-json\/wp\/v2\/types\/post"}],"author":[{"embeddable":true,"href":"https:\/\/ecpamericas.org\/es\/wp-json\/wp\/v2\/users\/1"}],"replies":[{"embeddable":true,"href":"https:\/\/ecpamericas.org\/es\/wp-json\/wp\/v2\/comments?post=906"}],"version-history":[{"count":1,"href":"https:\/\/ecpamericas.org\/es\/wp-json\/wp\/v2\/posts\/906\/revisions"}],"predecessor-version":[{"id":907,"href":"https:\/\/ecpamericas.org\/es\/wp-json\/wp\/v2\/posts\/906\/revisions\/907"}],"wp:attachment":[{"href":"https:\/\/ecpamericas.org\/es\/wp-json\/wp\/v2\/media?parent=906"}],"wp:term":[{"taxonomy":"category","embeddable":true,"href":"https:\/\/ecpamericas.org\/es\/wp-json\/wp\/v2\/categories?post=906"},{"taxonomy":"post_tag","embeddable":true,"href":"https:\/\/ecpamericas.org\/es\/wp-json\/wp\/v2\/tags?post=906"}],"curies":[{"name":"wp","href":"https:\/\/api.w.org\/{rel}","templated":true}]}}