{"id":769,"date":"2014-08-13T12:52:03","date_gmt":"2014-08-13T17:52:03","guid":{"rendered":"https:\/\/ecpamericas.org\/?p=769"},"modified":"2020-12-15T12:53:32","modified_gmt":"2020-12-15T17:53:32","slug":"el-clima-en-las-americas-un-desafio-o-una-oportunidad-para-una-america-mas-solidaria","status":"publish","type":"post","link":"https:\/\/ecpamericas.org\/es\/el-clima-en-las-americas-un-desafio-o-una-oportunidad-para-una-america-mas-solidaria\/","title":{"rendered":"El Clima en las Am\u00e9ricas: un desaf\u00edo o una oportunidad para una Am\u00e9rica m\u00e1s solidaria"},"content":{"rendered":"<p><span>Desde finales del a\u00f1o anterior e inicios del 2014, los sistemas de alerta clim\u00e1tica global y regional han estado informando sobre la posibilidad de ocurrencia del fen\u00f3meno clim\u00e1tico de El Ni\u00f1o (anomal\u00edas c\u00e1lidas de la componente oce\u00e1nica del ENOS). Este fen\u00f3meno, que est\u00e1 asociado con la variabilidad natural del planeta y hoy d\u00eda se encuentra en permanente estudio por la posible exacerbaci\u00f3n de sus impactos debido al cambio clim\u00e1tico, tiene manifestaciones clim\u00e1ticas diferenciadas en las diferentes regiones de las Am\u00e9ricas.\u00a0 Una severa sequ\u00eda se presenta desde el sur de M\u00e9xico a lo largo del Pac\u00edfico Centroamericano, contrastando con fuertes lluvias e inundaciones en la vertiente del Caribe. Muchos pa\u00edses en el Caribe tambi\u00e9n son afectados por la sequ\u00eda, mientras que en algunas regiones de Per\u00fa y Bolivia aumentan significativamente las lluvias. El noreste de Brasil aumenta su estr\u00e9s h\u00eddrico y la regi\u00f3n fronteriza de Estados Unidos y M\u00e9xico presenta tambi\u00e9n condiciones de insuficiencia.<\/span>\u00a0<span>Esta situaci\u00f3n tiene grandes implicaciones en lo econ\u00f3mico, particularmente en el sector energ\u00e9tico de los pa\u00edses cuyos sistemas de generaci\u00f3n el\u00e9ctrica depende del agua, haciendo que muchos de los pa\u00edses involucrados tengan que comprometer sus finanzas importando combustibles f\u00f3siles para atender su demanda. El sector agr\u00edcola, principal usuario de los recursos h\u00eddricos, presentar\u00eda enormes p\u00e9rdidas<\/span><span>\u00a0particularmente en aquellas \u00e1reas que no se pueda contar con riego eficiente o en otros casos donde las inundaciones afecten los cultivos. Lo anterior produce un efecto en cadena que llega hasta el mercado de bienes y servicios y la seguridad alimentaria.<\/span><\/p>\n<p><span>En el caso espec\u00edfico de Centroam\u00e9rica, el \u00faltimo reporte del Foro Clim\u00e1tico de Am\u00e9rica Central<a href=\"https:\/\/ecpamericas.org\/admin\/modules\/blog\/editAdd.aspx?ID=109#_ftn1\" name=\"_ftnref1\"><span style=\"font-family: calibri, sans-serif;\">[1]<\/span><\/a>\u00a0(CRRH-SICA, junio 2014) indica claramente la ocurrencia de una estaci\u00f3n lluviosa irregular, que est\u00e1 afectando en forma particular, aunque no exclusivamente,\u00a0 a la Vertiente del Pac\u00edfico del Istmo Centroamericano.<\/span><\/p>\n<p><em><span>Figura 1. Perspectiva clim\u00e1tica Am\u00e9rica Central, CRRH-SICA 2014.<\/span><\/em><\/p>\n<p>&nbsp;<\/p>\n<p><em><span><img decoding=\"async\" src=\"https:\/\/ecpamericas.org\/data\/images\/blog_images\/August%202014%20blog\/max%202.jpg\" alt=\"\" \/><\/span><\/em><\/p>\n<p><em><span>\u201c\u2026Debido a las alteraciones en el gradiente de la presi\u00f3n atmosf\u00e9rica entre el oc\u00e9ano Pacifico y el Atl\u00e1ntico\u00a0 se potenciar\u00e1 el d\u00e9ficit de lluvia del trimestre agosto-octubre, y eventualmente\u00a0 extremos como sequ\u00edas en el corredor seco centroamericano, as\u00ed como lluvias intensas en la costa Caribe al sur de Centroam\u00e9rica (Foro Clim\u00e1tico Am\u00e9rica Central CRRH-SICA 2014)\u2026\u201d<\/span><\/em><\/p>\n<p><span>Esta irregularidad de las lluvias no ha permitido una recarga adecuada de las fuentes de agua y de los suelos.\u00a0<\/span><span>Lo deficitario de la estaci\u00f3n lluviosa en gran parte de la regi\u00f3n crea riesgo para la seguridad del suministro de agua para la generaci\u00f3n\u00a0 hidroel\u00e9ctrica,\u00a0 para consumo humano y animal,\u00a0 de granos b\u00e1sicos y pastos\u00a0 para el ganado, as\u00ed como condiciones de mayor sequedad en la vegetaci\u00f3n natural para los meses de la estaci\u00f3n seca 2014-2015. Estas condiciones secas favorecen la ocurrencia de incendios forestales que al presentarse condiciones t\u00edpicas de El Ni\u00f1o de vientos fuertes, pueden causar da\u00f1os importantes en las zonas de reserva, \u00e1reas protegidas y parques nacionales.\u00a0<\/span><\/p>\n<p><span>La mayor\u00eda de los modelos de pron\u00f3stico global sugieren que la condici\u00f3n de El Ni\u00f1o alcanzar\u00e1 al menos un fortalecimiento moderado durante los meses restantes del a\u00f1o, alcanzando su m\u00e1ximo calentamiento a finales de a\u00f1o o\u00a0 principios del pr\u00f3ximo.\u00a0 Con esta perspectiva, no hay condiciones adecuadas para que el r\u00e9gimen lluvioso sobre la zona de la vertiente del Pac\u00edfico de Centroam\u00e9rica se regularice, y m\u00e1s bien se esperar\u00eda una salida temprana de la estaci\u00f3n lluviosa.<\/span><\/p>\n<div>\n<p><span>En el caso del Caribe las condiciones de reducci\u00f3n de la precipitaci\u00f3n son tambi\u00e9n alarmantes entre los sectores productivos, par<\/span><span>ticularmente en el turismo, el cual es una actividad importante para esta regi\u00f3n (CariCOF, 2014<a href=\"https:\/\/ecpamericas.org\/admin\/modules\/blog\/editAdd.aspx?ID=109#_ftn1\" name=\"_ftnref1\"><span style=\"font-family: calibri, sans-serif;\">[1]<\/span><\/a>).<\/span><\/p>\n<p><em><span>Figura 2. Perspectiva clim\u00e1tica Caribe (CariCOF, 2014).<\/span><\/em><\/p>\n<p><em><span><img decoding=\"async\" src=\"https:\/\/ecpamericas.org\/data\/images\/blog_images\/August%202014%20blog\/Max%201.jpg\" alt=\"\" \/><\/span><\/em><span>Importante mencionar que, a pesar de estas condiciones, la caracter\u00edstica del clima en el hemisferio no elimina la posibilidad de que sistemas como huracanes, tormentas tropicales o depresiones ocurran, lo que el pron\u00f3stico clim\u00e1tico advierte es sobre una temporada de huracanes en la cuenca del Caribe con menor cantidad de estos fen\u00f3menos.<\/span><\/p>\n<p><span>De acuerdo con el Centro Internacional para la Investigaci\u00f3n del Fen\u00f3meno de El Ni\u00f1o (CIIFEN), con sede en Ecuador, El Ni\u00f1o est\u00e1 ya sinti\u00e9ndose en la regi\u00f3n. El d\u00e9ficit de lluvias en varias zonas del norte, el centro y el sur de Am\u00e9rica, adem\u00e1s del Caribe, tiene que ver con el calentamiento de las aguas del Pac\u00edfico t\u00edpico de El Ni\u00f1o, al igual que el exceso de precipitaciones que, por el contrario, se registra en zonas del Cono Sur como en Paraguay, donde las inundaciones han hecho estragos. Los modelos que usa el CIIFEN tambi\u00e9n\u00a0 indican que El Ni\u00f1o alcanzar\u00e1 su pleno desarrollo en los \u00faltimos meses de 2014 y puede continuar durante el primero de 2015.<\/span><\/p>\n<p><span>Tal y como se hace evidente en el reporte de los medios de comunicaci\u00f3n (Tabla 1) es importante enfrentar el fen\u00f3meno con determinaci\u00f3n, haciendo uso del mejor conocimiento cient\u00edfico y tecnol\u00f3gico disponible, de las alertas tempranas que recibimos y de las oportunidades de aprender de un fen\u00f3meno que ha existido y existir\u00e1 siempre entre nosotros en las Am\u00e9ricas. Para la Organizaci\u00f3n Meteorol\u00f3gica Mundial (OMM), el Fondo de Naciones Unidas para la Agricultura (FAO) y la Convenci\u00f3n de Naciones Unidas contra la Desertificaci\u00f3n, hay que seguir el ejemplo de Australia, el \u00fanico pa\u00eds del mundo con una pol\u00edtica nacional de lucha contra las sequ\u00edas. \u00a0Es aqu\u00ed donde la Organizaci\u00f3n de Estados Americanos tiene un rol fundamentado en sus mandatos y programas, como el Programa Interamericano para el Desarrollo Sostenible (PIDS), en el que se establece el intercambio de experiencias y pr\u00e1cticas que incentiven procesos de orden pol\u00edtico que permitan reducir impactos socio econ\u00f3micos y ambientales, los cuales son grandes determinantes en la p\u00e9rdida de bienestar y la pobreza del hemisferio.<\/span><\/p>\n<p><span>El Ni\u00f1o es un fen\u00f3meno que no discrimina entre pa\u00edses desarrollados, en v\u00edas de desarrollo, pa\u00edses ricos, pa\u00edses pobres, sectores, condiciones sociales, g\u00e9nero, fronteras o cualquier otra clasificaci\u00f3n que los\u00a0<\/span><span>seres humanos nos hemos impuesto. El Ni\u00f1o es un fen\u00f3meno que llama a la solidaridad de los habitantes de las Am\u00e9ricas.<\/span><span><br \/>\n<\/span><em><span>Tabla 1. Impactos de El Ni\u00f1o en las Am\u00e9ricas.<\/span><\/em><\/p>\n<table border=\"1\" cellspacing=\"0\" cellpadding=\"0\">\n<tbody>\n<tr>\n<td><strong><span>Pa\u00eds\/Regi\u00f3n\/<\/span><\/strong><\/p>\n<p><strong><span>Organizaci\u00f3n<\/span><\/strong><\/td>\n<td valign=\"top\"><strong><span>Implicaciones del fen\u00f3meno de El Ni\u00f1o hasta la fecha, seg\u00fan lo han reportado los medios de comunicaci\u00f3n en las Am\u00e9ricas.<\/span><\/strong><\/td>\n<\/tr>\n<tr>\n<td><strong><span>Brasil<\/span><\/strong><\/td>\n<td valign=\"top\"><span>A pesar de ser un pa\u00eds alejado del Pac\u00edfico, se registra un d\u00e9ficit de precipitaciones en el estado de Sao Paulo, el m\u00e1s poblado, sus autoridades han recurrido a la tecnolog\u00eda para llenar las represas y poder disponer de suficiente agua y energ\u00eda. La empresa brasile\u00f1a Modclima, por encargo de la Compa\u00f1\u00eda de Saneamiento B\u00e1sico del Estado de Sao Paulo (Sabesp), est\u00e1 \u00abbombardeando\u00bb las nubes para generar lluvias y ya se ha logrado la ca\u00edda de aproximadamente 11 mil 500 millones de litros de agua en las represas, equivalentes al 1.2 % de la capacidad total.<\/span><\/td>\n<\/tr>\n<tr>\n<td><strong><span>Colombia<\/span><\/strong><\/td>\n<td valign=\"top\"><span>22 de los 32 departamentos del pa\u00eds sufren actualmente la falta de lluvias, los da\u00f1os a la agricultura y la ganader\u00eda son elevados, pero adem\u00e1s han empeorado las condiciones de vida de cientos de miles de personas, sobre todo en el norte del pa\u00eds, donde hay lugares donde no llueve desde hace dos a\u00f1os. Quince ni\u00f1os ind\u00edgenas del departamento de la Guajira han muerto por enfermedades derivadas de la falta de alimentos y agua.<\/span><\/p>\n<p><span>En los departamentos de La Guajira, Magdalena, C\u00f3rdoba, Atl\u00e1ntico, Sucre, Bol\u00edvar y Cesar se han registrado en las \u00faltimas semanas 642 incendios forestales, han muerto de sed unas 40 mil reses y los campesinos han perdido sus cultivos. Seg\u00fan la Sociedad de Agricultores de Colombia, el crecimiento del PIB de este sector puede caer del 5.2 % de 2013 al 3.3% en 2014.<\/span><\/td>\n<\/tr>\n<tr>\n<td><strong><span>El Salvador<\/span><\/strong><\/td>\n<td valign=\"top\"><span>Al menos 6,6 millones de sacos de ma\u00edz se han perdido como consecuencia de la sequ\u00eda y hay riesgo de perder 2.475.000 quintales de fr\u00edjol, seg\u00fan la C\u00e1mara Salvadore\u00f1a de Peque\u00f1os y Medianos Productores Agropecuarios.<\/span><\/td>\n<\/tr>\n<tr>\n<td><strong><span>Costa Rica<\/span><\/strong><\/td>\n<td valign=\"top\"><span>En la provincia de Guanacaste, con costas en el Pac\u00edfico y una de las principales zonas agr\u00edcolas, ganaderas y tur\u00edsticas del pa\u00eds, est\u00e1 en alerta amarilla a causa de una sequ\u00eda, acompa\u00f1ada de vientos que no son propios de esta \u00e9poca del a\u00f1o, el d\u00e9ficit de lluvias desde abril es del 50% y en julio ha llovido el 1.3 % del promedio hist\u00f3rico de este mes (IMN-CR).<\/span><\/td>\n<\/tr>\n<tr>\n<td><strong><span>Guatemala<\/span><\/strong><\/td>\n<td valign=\"top\"><span>La sequ\u00eda afecta a 28 de los 338 municipios, seg\u00fan dijo este mes el presidente de Guatemala, Otto P\u00e9rez Molina.<\/span><\/td>\n<\/tr>\n<tr>\n<td><strong><span>Bolivia<\/span><\/strong><\/td>\n<td valign=\"top\"><span>18 municipios de la regi\u00f3n andina de Oruro, cerca de la frontera con Chile, en emergencia por la sequ\u00eda.<\/span><\/td>\n<\/tr>\n<tr>\n<td><strong><span>M\u00e9xico<\/span><\/strong><\/td>\n<td valign=\"top\"><span>44 % de su territorio afectado por alg\u00fan grado de sequ\u00eda, de acuerdo con el m\u00e1s reciente monitoreo del Servicio Meteorol\u00f3gico Nacional, efectuado el 30 de junio.\u00a0 Al 30 de abril, 711 municipios del pa\u00eds padec\u00edan un d\u00e9ficit de precipitaciones, seg\u00fan la Comisi\u00f3n Nacional del Agua (CONAGUA).<\/span><\/td>\n<\/tr>\n<tr>\n<td><strong><span>Estados Unidos<\/span><\/strong><\/td>\n<td valign=\"top\"><span>En California, Oreg\u00f3n y Nevada<strong>\u00a0<\/strong>se vive una situaci\u00f3n de sequ\u00eda cr\u00f3nica desde hace tres a\u00f1os, un problema que se ha intensificado desde el inicio de 2014 y que en el primero de esos estados ha sido declarado \u00abexcepcional\u00bb. Tambi\u00e9n desde principios de a\u00f1o hasta el 19 de julio se han producido en California tres mil 400 incendios que han quemado 20 mil 600 hect\u00e1reas y se calcula que el sector agr\u00edcola del estado puede perder este a\u00f1o m\u00e1s de mil millones de d\u00f3lares.<\/span><\/td>\n<\/tr>\n<tr>\n<td><strong><span>Rep\u00fablica Dominicana y Puerto Rico<\/span><\/strong><\/td>\n<td valign=\"top\"><span>Las represas est\u00e1n al m\u00ednimo de su capacidad y se han anunciado restricciones al suministro de agua.<\/span><\/td>\n<\/tr>\n<tr>\n<td><strong><span>Venezuela<\/span><\/strong><\/td>\n<td valign=\"top\"><span>Ha experimentado una sequ\u00eda \u00abde extrema a severa\u00bb en los \u00faltimos meses que ha afectado a nueve de sus 23 estados, lo que llev\u00f3 al Gobierno a iniciar un racionamiento en el suministro de agua, interrumpiendo parcial o completamente el servicio en varias zonas del pa\u00eds incluso hasta tres d\u00edas por semana.<\/span><\/td>\n<\/tr>\n<\/tbody>\n<\/table>\n<div><br clear=\"all\" \/><\/p>\n<hr align=\"left\" size=\"1\" width=\"33%\" \/>\n<div id=\"ftn1\">\n<p><a href=\"https:\/\/ecpamericas.org\/admin\/modules\/blog\/editAdd.aspx?ID=109#_ftnref1\" name=\"_ftn1\"><span><em><strong><span style=\"font-family: calibri, sans-serif;\">[1]<\/span><\/strong><\/em><\/span><\/a><em><span>\u00a0<a href=\"http:\/\/www.cimh.edu.bb\/?p=precipoutlook\">http:\/\/www.cimh.edu.bb\/?p=precipoutlook<\/a><\/span><\/em><\/p>\n<\/div>\n<\/div>\n<p><a href=\"https:\/\/ecpamericas.org\/admin\/modules\/blog\/editAdd.aspx?id=109#_ftnref1\" name=\"_ftn1\"><span><em><strong><span style=\"font-family: calibri, sans-serif;\">[2]<\/span><\/strong><\/em><\/span><\/a><em><span>\u00a0<a href=\"http:\/\/www.recursoshidricos.org\/index.php\/78-icetheme\/icetabs\/185-xxxix-foro-del-clima-de-america-central-2\">http:\/\/www.recursoshidricos.org\/index.php\/78-icetheme\/icetabs\/185-xxxix-foro-del-clima-de-america-central-2<\/a><\/span><\/em><\/p>\n<p><em><br \/>\n<\/em><\/div>\n<p><em><span><img decoding=\"async\" src=\"https:\/\/ecpamericas.org\/data\/images\/blog_images\/August%202014%20blog\/max%20campos.png\" alt=\"\" \/>Maximiliano Campos: Con formaci\u00f3n acad\u00e9mica en geociencias y meteorolog\u00eda de Millersville University of Pennsylvania y la Universidad de Costa Rica; Max Campos ha ocupado, desde octubre 2009, el cargo de Jefe de la Secci\u00f3n de Gesti\u00f3n Integrada de los Recursos H\u00eddricos del Departamento de Desarrollo Sostenible de la Organizaci\u00f3n de Estados Americanos. Durante 10 a\u00f1os fue Secretario Ejecutivo del Comit\u00e9 Regional de Recursos Hidr\u00e1ulicos (CRRH). Max Campos ha desarrollado una larga carrera profesional en la aplicaci\u00f3n de las geociencias, tanto en el \u00e1mbito t\u00e9cnico como administrativo y de gestion de pol\u00edticas. Su trabajo, adem\u00e1s ha incluido la formulaci\u00f3n, ejecuci\u00f3n y evaluaci\u00f3n de proyectos en desarrollo sostenible, ha realizado trabajos para m\u00faltiples organizaciones internacionales. Una de sus contribuciones principales ha sido con el Panel Intergubernamental de las Naciones Unidas sobre Cambio Clim\u00e1tico (UN-IPCC) donde ha participado como coordinador, autor invitado, autor principal y editor en todos los reportes sobre impactos, adaptaci\u00f3n y vulnerabilidad ante el cambio clim\u00e1tico de esta organizaci\u00f3n; siendo el IV Reporte (Editor y Revisor del Capitulo para Latinoam\u00e9rica) el que de mayor relevancia por la obtenci\u00f3n del IPCC y sus cient\u00edficos, del Premio Nobel de la Paz.<\/span><\/em><\/p>\n<p><em><span><img decoding=\"async\" src=\"https:\/\/ecpamericas.org\/data\/images\/blog_images\/August%202014%20blog\/estefania.jpg\" alt=\"\" \/>Estefan\u00eda Jim\u00e9nez: Ingeniera en meteorolog\u00eda<\/span><span>\u00a0graduada de la Universidad de Costa Rica donde actualmente cursa para optar por el t\u00edtulo de Licenciatura. Durante sus a\u00f1os de estudiante, Estefan\u00eda trabaj\u00f3 en el Centro de Investigaciones Geof\u00edsicas de su universidad, para luego incorporarse al Instituto Meteorol\u00f3gico Nacional de Costa Rica donde labor\u00f3 por m\u00e1s de 4 a\u00f1os.\u00a0 Aqu\u00ed ejerci\u00f3 en el Departamento de Sin\u00f3ptica y en el Departamento de Climatolog\u00eda, donde realiz\u00f3 investigaciones principalmente en variabilidad y cambio clim\u00e1tico, adem\u00e1s de tener la oportunidad de representar al pa\u00eds en importantes reuniones como las de la Convenci\u00f3n Marco de las Naciones Unidas sobre el Cambio Clim\u00e1tico. Estefan\u00eda reci\u00e9n se uni\u00f3 al grupo de Energ\u00eda y Cambio Clim\u00e1tico del Departamento de Desarrollo Sostenible de la Organizaci\u00f3n de los Estados Americanos en Washington D.C., donde apoya proyectos que incentivan las energ\u00edas renovables, la mitigaci\u00f3n del cambio clim\u00e1tico y las acciones para su adaptaci\u00f3n en los sectores m\u00e1s vulnerables de las Am\u00e9ricas.<\/span><\/em><\/p>\n<p><span>Publicado por el equipo de\u00a0<a href=\"http:\/\/risk-macc.blogspot.com.ar\/\">Disasters This Week<\/a>\u00a0de la Organizaci\u00f3n de los Estados Americanos (OEA).<\/span><\/p>\n","protected":false},"excerpt":{"rendered":"<p>Desde finales del a\u00f1o anterior e inicios del 2014, los sistemas de alerta clim\u00e1tica global y regional han estado informando sobre la posibilidad de ocurrencia del fen\u00f3meno clim\u00e1tico de El Ni\u00f1o (anomal\u00edas c\u00e1lidas de la componente oce\u00e1nica del ENOS). Este fen\u00f3meno, que est\u00e1 asociado con la variabilidad natural del planeta y hoy d\u00eda se encuentra [&hellip;]<\/p>\n","protected":false},"author":1,"featured_media":0,"comment_status":"open","ping_status":"open","sticky":false,"template":"","format":"standard","meta":{"_acf_changed":false,"inline_featured_image":false,"footnotes":""},"categories":[57],"tags":[],"class_list":["post-769","post","type-post","status-publish","format-standard","hentry","category-ecpa-blog-es"],"acf":[],"yoast_head":"<!-- This site is optimized with the Yoast SEO plugin v21.7 - https:\/\/yoast.com\/wordpress\/plugins\/seo\/ -->\n<title>El Clima en las Am\u00e9ricas: un desaf\u00edo o una oportunidad para una Am\u00e9rica m\u00e1s solidaria - ECPA - Energy and Climate Partnership of the Americas<\/title>\n<meta name=\"robots\" content=\"index, follow, max-snippet:-1, max-image-preview:large, max-video-preview:-1\" \/>\n<link rel=\"canonical\" href=\"https:\/\/ecpamericas.org\/es\/el-clima-en-las-americas-un-desafio-o-una-oportunidad-para-una-america-mas-solidaria\/\" \/>\n<meta property=\"og:locale\" content=\"es_ES\" \/>\n<meta property=\"og:type\" content=\"article\" \/>\n<meta property=\"og:title\" content=\"El Clima en las Am\u00e9ricas: un desaf\u00edo o una oportunidad para una Am\u00e9rica m\u00e1s solidaria - ECPA - Energy and Climate Partnership of the Americas\" \/>\n<meta property=\"og:description\" content=\"Desde finales del a\u00f1o anterior e inicios del 2014, los sistemas de alerta clim\u00e1tica global y regional han estado informando sobre la posibilidad de ocurrencia del fen\u00f3meno clim\u00e1tico de El Ni\u00f1o (anomal\u00edas c\u00e1lidas de la componente oce\u00e1nica del ENOS). Este fen\u00f3meno, que est\u00e1 asociado con la variabilidad natural del planeta y hoy d\u00eda se encuentra [&hellip;]\" \/>\n<meta property=\"og:url\" content=\"https:\/\/ecpamericas.org\/es\/el-clima-en-las-americas-un-desafio-o-una-oportunidad-para-una-america-mas-solidaria\/\" \/>\n<meta property=\"og:site_name\" content=\"ECPA - Energy and Climate Partnership of the Americas\" \/>\n<meta property=\"article:published_time\" content=\"2014-08-13T17:52:03+00:00\" \/>\n<meta property=\"article:modified_time\" content=\"2020-12-15T17:53:32+00:00\" \/>\n<meta property=\"og:image\" content=\"https:\/\/ecpamericas.org\/data\/images\/blog_images\/August%202014%20blog\/max%202.jpg\" \/>\n<meta name=\"author\" content=\"orange612\" \/>\n<meta name=\"twitter:card\" content=\"summary_large_image\" \/>\n<meta name=\"twitter:label1\" content=\"Escrito por\" \/>\n\t<meta name=\"twitter:data1\" content=\"orange612\" \/>\n\t<meta name=\"twitter:label2\" content=\"Tiempo de lectura\" \/>\n\t<meta name=\"twitter:data2\" content=\"11 minutos\" \/>\n<script type=\"application\/ld+json\" class=\"yoast-schema-graph\">{\"@context\":\"https:\/\/schema.org\",\"@graph\":[{\"@type\":\"WebPage\",\"@id\":\"https:\/\/ecpamericas.org\/es\/el-clima-en-las-americas-un-desafio-o-una-oportunidad-para-una-america-mas-solidaria\/\",\"url\":\"https:\/\/ecpamericas.org\/es\/el-clima-en-las-americas-un-desafio-o-una-oportunidad-para-una-america-mas-solidaria\/\",\"name\":\"El Clima en las Am\u00e9ricas: un desaf\u00edo o una oportunidad para una Am\u00e9rica m\u00e1s solidaria - ECPA - Energy and Climate Partnership of the Americas\",\"isPartOf\":{\"@id\":\"https:\/\/ecpamericas.org\/es\/#website\"},\"datePublished\":\"2014-08-13T17:52:03+00:00\",\"dateModified\":\"2020-12-15T17:53:32+00:00\",\"author\":{\"@id\":\"https:\/\/ecpamericas.org\/es\/#\/schema\/person\/5a23e9b77983d7edd228a58434c01105\"},\"breadcrumb\":{\"@id\":\"https:\/\/ecpamericas.org\/es\/el-clima-en-las-americas-un-desafio-o-una-oportunidad-para-una-america-mas-solidaria\/#breadcrumb\"},\"inLanguage\":\"es\",\"potentialAction\":[{\"@type\":\"ReadAction\",\"target\":[\"https:\/\/ecpamericas.org\/es\/el-clima-en-las-americas-un-desafio-o-una-oportunidad-para-una-america-mas-solidaria\/\"]}]},{\"@type\":\"BreadcrumbList\",\"@id\":\"https:\/\/ecpamericas.org\/es\/el-clima-en-las-americas-un-desafio-o-una-oportunidad-para-una-america-mas-solidaria\/#breadcrumb\",\"itemListElement\":[{\"@type\":\"ListItem\",\"position\":1,\"name\":\"Home\",\"item\":\"https:\/\/ecpamericas.org\/es\/\"},{\"@type\":\"ListItem\",\"position\":2,\"name\":\"El Clima en las Am\u00e9ricas: un desaf\u00edo o una oportunidad para una Am\u00e9rica m\u00e1s solidaria\"}]},{\"@type\":\"WebSite\",\"@id\":\"https:\/\/ecpamericas.org\/es\/#website\",\"url\":\"https:\/\/ecpamericas.org\/es\/\",\"name\":\"ECPA - Energy and Climate Partnership of the Americas\",\"description\":\"Promoting cooperation for a sustainable energy future in the Americas\",\"potentialAction\":[{\"@type\":\"SearchAction\",\"target\":{\"@type\":\"EntryPoint\",\"urlTemplate\":\"https:\/\/ecpamericas.org\/es\/?s={search_term_string}\"},\"query-input\":\"required name=search_term_string\"}],\"inLanguage\":\"es\"},{\"@type\":\"Person\",\"@id\":\"https:\/\/ecpamericas.org\/es\/#\/schema\/person\/5a23e9b77983d7edd228a58434c01105\",\"name\":\"orange612\",\"image\":{\"@type\":\"ImageObject\",\"inLanguage\":\"es\",\"@id\":\"https:\/\/ecpamericas.org\/es\/#\/schema\/person\/image\/\",\"url\":\"https:\/\/secure.gravatar.com\/avatar\/fe6a06fda2c4e8c862390a2b05b638344895e3e87227a13df605ade5c031f7e5?s=96&d=mm&r=g\",\"contentUrl\":\"https:\/\/secure.gravatar.com\/avatar\/fe6a06fda2c4e8c862390a2b05b638344895e3e87227a13df605ade5c031f7e5?s=96&d=mm&r=g\",\"caption\":\"orange612\"},\"sameAs\":[\"https:\/\/ecpamericas.org\"],\"url\":\"https:\/\/ecpamericas.org\/es\/author\/orange612\/\"}]}<\/script>\n<!-- \/ Yoast SEO plugin. -->","yoast_head_json":{"title":"El Clima en las Am\u00e9ricas: un desaf\u00edo o una oportunidad para una Am\u00e9rica m\u00e1s solidaria - ECPA - Energy and Climate Partnership of the Americas","robots":{"index":"index","follow":"follow","max-snippet":"max-snippet:-1","max-image-preview":"max-image-preview:large","max-video-preview":"max-video-preview:-1"},"canonical":"https:\/\/ecpamericas.org\/es\/el-clima-en-las-americas-un-desafio-o-una-oportunidad-para-una-america-mas-solidaria\/","og_locale":"es_ES","og_type":"article","og_title":"El Clima en las Am\u00e9ricas: un desaf\u00edo o una oportunidad para una Am\u00e9rica m\u00e1s solidaria - ECPA - Energy and Climate Partnership of the Americas","og_description":"Desde finales del a\u00f1o anterior e inicios del 2014, los sistemas de alerta clim\u00e1tica global y regional han estado informando sobre la posibilidad de ocurrencia del fen\u00f3meno clim\u00e1tico de El Ni\u00f1o (anomal\u00edas c\u00e1lidas de la componente oce\u00e1nica del ENOS). Este fen\u00f3meno, que est\u00e1 asociado con la variabilidad natural del planeta y hoy d\u00eda se encuentra [&hellip;]","og_url":"https:\/\/ecpamericas.org\/es\/el-clima-en-las-americas-un-desafio-o-una-oportunidad-para-una-america-mas-solidaria\/","og_site_name":"ECPA - Energy and Climate Partnership of the Americas","article_published_time":"2014-08-13T17:52:03+00:00","article_modified_time":"2020-12-15T17:53:32+00:00","og_image":[{"url":"https:\/\/ecpamericas.org\/data\/images\/blog_images\/August%202014%20blog\/max%202.jpg"}],"author":"orange612","twitter_card":"summary_large_image","twitter_misc":{"Escrito por":"orange612","Tiempo de lectura":"11 minutos"},"schema":{"@context":"https:\/\/schema.org","@graph":[{"@type":"WebPage","@id":"https:\/\/ecpamericas.org\/es\/el-clima-en-las-americas-un-desafio-o-una-oportunidad-para-una-america-mas-solidaria\/","url":"https:\/\/ecpamericas.org\/es\/el-clima-en-las-americas-un-desafio-o-una-oportunidad-para-una-america-mas-solidaria\/","name":"El Clima en las Am\u00e9ricas: un desaf\u00edo o una oportunidad para una Am\u00e9rica m\u00e1s solidaria - ECPA - Energy and Climate Partnership of the Americas","isPartOf":{"@id":"https:\/\/ecpamericas.org\/es\/#website"},"datePublished":"2014-08-13T17:52:03+00:00","dateModified":"2020-12-15T17:53:32+00:00","author":{"@id":"https:\/\/ecpamericas.org\/es\/#\/schema\/person\/5a23e9b77983d7edd228a58434c01105"},"breadcrumb":{"@id":"https:\/\/ecpamericas.org\/es\/el-clima-en-las-americas-un-desafio-o-una-oportunidad-para-una-america-mas-solidaria\/#breadcrumb"},"inLanguage":"es","potentialAction":[{"@type":"ReadAction","target":["https:\/\/ecpamericas.org\/es\/el-clima-en-las-americas-un-desafio-o-una-oportunidad-para-una-america-mas-solidaria\/"]}]},{"@type":"BreadcrumbList","@id":"https:\/\/ecpamericas.org\/es\/el-clima-en-las-americas-un-desafio-o-una-oportunidad-para-una-america-mas-solidaria\/#breadcrumb","itemListElement":[{"@type":"ListItem","position":1,"name":"Home","item":"https:\/\/ecpamericas.org\/es\/"},{"@type":"ListItem","position":2,"name":"El Clima en las Am\u00e9ricas: un desaf\u00edo o una oportunidad para una Am\u00e9rica m\u00e1s solidaria"}]},{"@type":"WebSite","@id":"https:\/\/ecpamericas.org\/es\/#website","url":"https:\/\/ecpamericas.org\/es\/","name":"ECPA - Energy and Climate Partnership of the Americas","description":"Promoting cooperation for a sustainable energy future in the Americas","potentialAction":[{"@type":"SearchAction","target":{"@type":"EntryPoint","urlTemplate":"https:\/\/ecpamericas.org\/es\/?s={search_term_string}"},"query-input":"required name=search_term_string"}],"inLanguage":"es"},{"@type":"Person","@id":"https:\/\/ecpamericas.org\/es\/#\/schema\/person\/5a23e9b77983d7edd228a58434c01105","name":"orange612","image":{"@type":"ImageObject","inLanguage":"es","@id":"https:\/\/ecpamericas.org\/es\/#\/schema\/person\/image\/","url":"https:\/\/secure.gravatar.com\/avatar\/fe6a06fda2c4e8c862390a2b05b638344895e3e87227a13df605ade5c031f7e5?s=96&d=mm&r=g","contentUrl":"https:\/\/secure.gravatar.com\/avatar\/fe6a06fda2c4e8c862390a2b05b638344895e3e87227a13df605ade5c031f7e5?s=96&d=mm&r=g","caption":"orange612"},"sameAs":["https:\/\/ecpamericas.org"],"url":"https:\/\/ecpamericas.org\/es\/author\/orange612\/"}]}},"_links":{"self":[{"href":"https:\/\/ecpamericas.org\/es\/wp-json\/wp\/v2\/posts\/769","targetHints":{"allow":["GET"]}}],"collection":[{"href":"https:\/\/ecpamericas.org\/es\/wp-json\/wp\/v2\/posts"}],"about":[{"href":"https:\/\/ecpamericas.org\/es\/wp-json\/wp\/v2\/types\/post"}],"author":[{"embeddable":true,"href":"https:\/\/ecpamericas.org\/es\/wp-json\/wp\/v2\/users\/1"}],"replies":[{"embeddable":true,"href":"https:\/\/ecpamericas.org\/es\/wp-json\/wp\/v2\/comments?post=769"}],"version-history":[{"count":1,"href":"https:\/\/ecpamericas.org\/es\/wp-json\/wp\/v2\/posts\/769\/revisions"}],"predecessor-version":[{"id":771,"href":"https:\/\/ecpamericas.org\/es\/wp-json\/wp\/v2\/posts\/769\/revisions\/771"}],"wp:attachment":[{"href":"https:\/\/ecpamericas.org\/es\/wp-json\/wp\/v2\/media?parent=769"}],"wp:term":[{"taxonomy":"category","embeddable":true,"href":"https:\/\/ecpamericas.org\/es\/wp-json\/wp\/v2\/categories?post=769"},{"taxonomy":"post_tag","embeddable":true,"href":"https:\/\/ecpamericas.org\/es\/wp-json\/wp\/v2\/tags?post=769"}],"curies":[{"name":"wp","href":"https:\/\/api.w.org\/{rel}","templated":true}]}}